{"id":117,"date":"2016-03-31T12:01:00","date_gmt":"2016-03-31T10:01:00","guid":{"rendered":"https:\/\/elektro-odzysk.pl\/?p=117"},"modified":"2024-03-19T04:53:08","modified_gmt":"2024-03-19T03:53:08","slug":"nawet-500-tysiecy-zuzytych-lodowek-trafia-rocznie-do-szarej-strefy-odpadowej","status":"publish","type":"post","link":"https:\/\/elektro-odzysk.pl\/index.php\/2016\/03\/31\/nawet-500-tysiecy-zuzytych-lodowek-trafia-rocznie-do-szarej-strefy-odpadowej\/","title":{"rendered":"Nawet 500 tysi\u0119cy zu\u017cytych lod\u00f3wek trafia rocznie do szarej strefy odpadowej"},"content":{"rendered":"<div><strong>Oko\u0142o 60% starych ch\u0142odziarek jest rozmontowywanych niezgodnie z prawem \u2013 cz\u0119sto na skupach z\u0142omu, przy pomocy prostych narz\u0119dzi i bez zapewnienia standard\u00f3w ochrony \u015brodowiska \u2013 ostrzega Zwi\u0105zek Pracodawc\u00f3w Bran\u017cy Elektroodpad\u00f3w \u201eElektro-Odzysk\u201d. Chocia\u017c od 1 stycznia tego roku obowi\u0105zuje nowa Ustawa o zu\u017cytym sprz\u0119cie elektrycznym i elektronicznym, zdaniem Zwi\u0105zku, sytuacja si\u0119 nie zmieni dop\u00f3ki Minister \u015arodowiska nie przyjmie odpowiednich rozporz\u0105dze\u0144.<\/strong><\/div>\n<div><\/div>\n<div>Od kilku lat eksperci m\u00f3wi\u0105 o nieprawid\u0142owo\u015bciach w funkcjonowaniu rynku odpad\u00f3w elektrycznych i elektronicznych w Polsce. Do najcz\u0119stszych patologii nale\u017cy wydawanie kwit\u00f3w na tzw. \u201ewirtualne\u201d elektroodpady, tzn. takie, kt\u00f3re w rzeczywisto\u015bci nie zostaly zebrane i przetworzone, deklarowanie przetworzenia wi\u0119kszej liczby urz\u0105dze\u0144 ni\u017c mia\u0142o to miejsce, demonta\u017c poza legalnymi zak\u0142adami przetwarzania oraz przetwarzanie w instalacjach nie spe\u0142niaj\u0105cych standard\u00f3w ochrony \u015brodowiska.<\/div>\n<div><\/div>\n<div>&#8211;\u00a0<em>Jeste\u015bmy chyba jedynym pa\u0144stwem w Unii Europejskiej, w kt\u00f3rym brakuje regulacji m\u00f3wi\u0105cych o tym, jakie zak\u0142ady mog\u0105 prowadzi\u0107 demonta\u017c lod\u00f3wek, jakie kineskop\u00f3w, a jakie np. \u015bwietl\u00f3wek\u00a0<\/em>\u2013 wyja\u015bnia Miros\u0142aw Ba\u015bciuk, prezes Zwi\u0105zku Pracodawc\u00f3w \u201eElektro-Odzysk\u201d.<em>\u00a0Wszystkie te sprz\u0119ty klasyfikuj\u0105 si\u0119 do odpad\u00f3w niebezpiecznych, co oznacza, \u017ce ich niew\u0142a\u015bciwe przetwarzanie wi\u0105\u017ce si\u0119 z zagro\u017ceniem dla \u015brodowiska i zdrowia ludzi<\/em>\u00a0\u2013 dodaje Ba\u015bciuk.<\/div>\n<div><\/div>\n<div>Dlatego Zwi\u0105zek apeluje o jak najszybsze przygotowanie i przyj\u0119cie przez Ministra \u015arodowiska rozporz\u0105dze\u0144 do ustawy, z kt\u00f3rych pierwsze okre\u015bla\u0142oby standardy przetwarzania najbardziej szkodliwych urz\u0105dze\u0144, a drugie wprowadza\u0142oby szczeg\u00f3\u0142owe zasady przeprowadzania audyt\u00f3w w zak\u0142adach przetwarzania i organizacjach odzysku.<\/div>\n<div><\/div>\n<div>W opinii Ba\u015bciuka, opr\u00f3cz standardowej kotroli dokumentacji, audyt powinien sk\u0142ada\u0107 si\u0119 r\u00f3wnie\u017c z tzw. audytu in-situ, czyli do\u015bwiadczalnego sprawdzenia wydajno\u015bci pracy i stosowanych w zak\u0142adzie technologii. Zwi\u0105zek domaga si\u0119 r\u00f3wnie\u017c wprowadzenia legalizowanych wag elektronicznych i monitoringu wizyjnego pozwalaj\u0105cego na weryfikacj\u0119 rodzaju i masy wwo\u017conych oraz wywo\u017conych z zak\u0142adu odpad\u00f3w.<\/div>\n<div><\/div>\n<div>&#8211;\u00a0<em>Niestety do\u015bwiadczenie pokazuje, \u017ce bez szczelnego systemu audytu zak\u0142ad\u00f3w przetwarzania i recyklingu elektroodpad\u00f3w oraz wprowadzenia, powszechnych na Zachodzie, standard\u00f3w utylizacji niebezpiecznych sprz\u0119t\u00f3w, w tym przede wszystkim sprz\u0119tu ch\u0142odniczego, nie b\u0119dziemy w stanie skutecznie zwalczy\u0107 szarej strefy odpadowej<\/em>\u00a0\u2013 zaznacza Ba\u015bciuk.<\/div>\n<div><\/div>\n<div><strong>Pe\u0142na tre\u015b\u0107 stanowiska dost\u0119pna jest\u00a0<\/strong><a href=\"http:\/\/www.wp.elektro-odzysk.pl\/uploads\/Stanowisko%20ZPBE%20Elektro-Odzysk%20ws.%20rozporz%C4%85dze%C5%84%20do%20Ustawy%20o%20ZSEE.pdf\">tutaj<\/a><strong>.<\/strong><\/div>\n","protected":false},"excerpt":{"rendered":"<p>Oko\u0142o 60% starych ch\u0142odziarek jest rozmontowywanych niezgodnie z prawem \u2013 cz\u0119sto na skupach z\u0142omu, przy pomocy prostych narz\u0119dzi i bez zapewnienia standard\u00f3w ochrony \u015brodowiska \u2013 ostrzega Zwi\u0105zek Pracodawc\u00f3w Bran\u017cy Elektroodpad\u00f3w \u201eElektro-Odzysk\u201d. Chocia\u017c od 1 stycznia tego roku obowi\u0105zuje nowa Ustawa o zu\u017cytym sprz\u0119cie elektrycznym i elektronicznym, zdaniem Zwi\u0105zku, sytuacja si\u0119 nie zmieni dop\u00f3ki Minister \u015arodowiska&#8230;<\/p>\n","protected":false},"author":1,"featured_media":0,"comment_status":"closed","ping_status":"open","sticky":false,"template":"","format":"standard","meta":{"_crdt_document":"","footnotes":""},"categories":[4],"tags":[],"class_list":["post-117","post","type-post","status-publish","format-standard","hentry","category-aktualnosci"],"_links":{"self":[{"href":"https:\/\/elektro-odzysk.pl\/index.php\/wp-json\/wp\/v2\/posts\/117","targetHints":{"allow":["GET"]}}],"collection":[{"href":"https:\/\/elektro-odzysk.pl\/index.php\/wp-json\/wp\/v2\/posts"}],"about":[{"href":"https:\/\/elektro-odzysk.pl\/index.php\/wp-json\/wp\/v2\/types\/post"}],"author":[{"embeddable":true,"href":"https:\/\/elektro-odzysk.pl\/index.php\/wp-json\/wp\/v2\/users\/1"}],"replies":[{"embeddable":true,"href":"https:\/\/elektro-odzysk.pl\/index.php\/wp-json\/wp\/v2\/comments?post=117"}],"version-history":[{"count":1,"href":"https:\/\/elektro-odzysk.pl\/index.php\/wp-json\/wp\/v2\/posts\/117\/revisions"}],"predecessor-version":[{"id":118,"href":"https:\/\/elektro-odzysk.pl\/index.php\/wp-json\/wp\/v2\/posts\/117\/revisions\/118"}],"wp:attachment":[{"href":"https:\/\/elektro-odzysk.pl\/index.php\/wp-json\/wp\/v2\/media?parent=117"}],"wp:term":[{"taxonomy":"category","embeddable":true,"href":"https:\/\/elektro-odzysk.pl\/index.php\/wp-json\/wp\/v2\/categories?post=117"},{"taxonomy":"post_tag","embeddable":true,"href":"https:\/\/elektro-odzysk.pl\/index.php\/wp-json\/wp\/v2\/tags?post=117"}],"curies":[{"name":"wp","href":"https:\/\/api.w.org\/{rel}","templated":true}]}}