{"id":121,"date":"2016-05-06T12:02:21","date_gmt":"2016-05-06T10:02:21","guid":{"rendered":"https:\/\/elektro-odzysk.pl\/?p=121"},"modified":"2024-03-19T04:53:08","modified_gmt":"2024-03-19T03:53:08","slug":"innpoland-pl-o-elektroodpadach-chcieli-dobrze-wyszlo-jak-zwykle","status":"publish","type":"post","link":"https:\/\/elektro-odzysk.pl\/index.php\/2016\/05\/06\/innpoland-pl-o-elektroodpadach-chcieli-dobrze-wyszlo-jak-zwykle\/","title":{"rendered":"INN:Poland.pl o elektroodpadach: Chcieli dobrze, wysz\u0142o jak zwykle&#8230;"},"content":{"rendered":"<p>W portalu INN:Poland ukaza\u0142 si\u0119 artyku\u0142 o sytuacji w sektorze elektroodpad\u00f3w z komentarzem Miros\u0142awa Ba\u015bciuka. Prezes Elektro-Odzysku wskazuje na zbyt ma\u0142\u0105 ilo\u015b\u0107 odpad\u00f3w, kt\u00f3ra jest zbierana w tym roku w Polsce. &#8211;\u00a0Szacujemy, \u017ce luka mi\u0119dzy tym, co powinno by\u0107 zebrane, a tym, co\u00a0rzeczywi\u015bcie\u00a0trafi do odzysku,\u00a0mo\u017ce wynie\u015b\u0107 nawet\u00a030 tys. ton \u2013 m\u00f3wi Miros\u0142aw Ba\u015bciuk, prezes Zwi\u0105zku Pracodawc\u00f3w Bran\u017cy Elektroodpad\u00f3w \u201eElektro\u2013Odzysk&#8221;.<\/p>\n<p>Zapraszamy do lektury\u00a0<a title=\"Elektro\u015bmieci: Chcieli dobrze, wysz\u0142o jak zwykle. Ucierpi\u0105 sklepy internetowe\" href=\"http:\/\/innpoland.pl\/126549,elektrosmieci-cale-morze-problemow-dla-sprzedawcow-dla-sklepow-a-klienci-nie-znaja-swoich-praw\" target=\"_blank\" rel=\"noopener\">artyku\u0142u<\/a>.<\/p>\n","protected":false},"excerpt":{"rendered":"<p>W portalu INN:Poland ukaza\u0142 si\u0119 artyku\u0142 o sytuacji w sektorze elektroodpad\u00f3w z komentarzem Miros\u0142awa Ba\u015bciuka. Prezes Elektro-Odzysku wskazuje na zbyt ma\u0142\u0105 ilo\u015b\u0107 odpad\u00f3w, kt\u00f3ra jest zbierana w tym roku w Polsce. &#8211;\u00a0Szacujemy, \u017ce luka mi\u0119dzy tym, co powinno by\u0107 zebrane, a tym, co\u00a0rzeczywi\u015bcie\u00a0trafi do odzysku,\u00a0mo\u017ce wynie\u015b\u0107 nawet\u00a030 tys. ton \u2013 m\u00f3wi Miros\u0142aw Ba\u015bciuk, prezes Zwi\u0105zku&#8230;<\/p>\n","protected":false},"author":1,"featured_media":0,"comment_status":"closed","ping_status":"open","sticky":false,"template":"","format":"standard","meta":{"_crdt_document":"","footnotes":""},"categories":[4],"tags":[],"class_list":["post-121","post","type-post","status-publish","format-standard","hentry","category-aktualnosci"],"_links":{"self":[{"href":"https:\/\/elektro-odzysk.pl\/index.php\/wp-json\/wp\/v2\/posts\/121","targetHints":{"allow":["GET"]}}],"collection":[{"href":"https:\/\/elektro-odzysk.pl\/index.php\/wp-json\/wp\/v2\/posts"}],"about":[{"href":"https:\/\/elektro-odzysk.pl\/index.php\/wp-json\/wp\/v2\/types\/post"}],"author":[{"embeddable":true,"href":"https:\/\/elektro-odzysk.pl\/index.php\/wp-json\/wp\/v2\/users\/1"}],"replies":[{"embeddable":true,"href":"https:\/\/elektro-odzysk.pl\/index.php\/wp-json\/wp\/v2\/comments?post=121"}],"version-history":[{"count":1,"href":"https:\/\/elektro-odzysk.pl\/index.php\/wp-json\/wp\/v2\/posts\/121\/revisions"}],"predecessor-version":[{"id":122,"href":"https:\/\/elektro-odzysk.pl\/index.php\/wp-json\/wp\/v2\/posts\/121\/revisions\/122"}],"wp:attachment":[{"href":"https:\/\/elektro-odzysk.pl\/index.php\/wp-json\/wp\/v2\/media?parent=121"}],"wp:term":[{"taxonomy":"category","embeddable":true,"href":"https:\/\/elektro-odzysk.pl\/index.php\/wp-json\/wp\/v2\/categories?post=121"},{"taxonomy":"post_tag","embeddable":true,"href":"https:\/\/elektro-odzysk.pl\/index.php\/wp-json\/wp\/v2\/tags?post=121"}],"curies":[{"name":"wp","href":"https:\/\/api.w.org\/{rel}","templated":true}]}}