{"id":127,"date":"2016-05-18T12:52:30","date_gmt":"2016-05-18T10:52:30","guid":{"rendered":"https:\/\/elektro-odzysk.pl\/?p=127"},"modified":"2024-03-19T04:53:08","modified_gmt":"2024-03-19T03:53:08","slug":"elektro-odzysk-cytowany-w-rzeczpospolitej","status":"publish","type":"post","link":"https:\/\/elektro-odzysk.pl\/index.php\/2016\/05\/18\/elektro-odzysk-cytowany-w-rzeczpospolitej\/","title":{"rendered":"Elektro-Odzysk cytowany w &#8222;Rzeczpospolitej&#8221;"},"content":{"rendered":"<p>Zamiast do sklepu stare urz\u0105dzenia RTV i AGD trafiaj\u0105 na z\u0142om &#8211; ostrzega \u0141ukasz Kuligowski w &#8222;Rzeczpospolitej&#8221; z 18 maja 2016 r. Artyku\u0142 powsta\u0142 na podstawie informacji podanych przez ZPBE Elektro-Odzysk.<\/p>\n<p>W artykule Miros\u0142aw Ba\u015bciuk, prezes Zwi\u0105zku zauwa\u017ca, \u017ce Polska mo\u017ce mie\u0107 problem ze spe\u0142nieniem wymogu minimalnego poziomu zbir\u00f3ki elektroodpad\u00f3w:<\/p>\n<p><em>&#8222;W\u0142a\u015bciwe informowanie konsument\u00f3w o tym, \u017ce mog\u0105 odda\u0107 zu\u017cyty sprz\u0119t za darmo, i to bez konieczno\u015bci wynoszenia go samodzielnie z domu, na pewno pomog\u0142oby w osi\u0105gni\u0119ciu zak\u0142adanego przez ustaw\u0119 o ZSEE poziomu zbi\u00f3rki. I dodaje, \u017ce cz\u0119\u015b\u0107 dystrybutor\u00f3w nie prezentuje takich informacji na swoich stronach internetowych lub robi to w spos\u00f3b nieczytelny. Uwa\u017camy, \u017ce Ministerstwo \u015arodowiska powinno wyda\u0107 wytyczne w tej sprawie&#8221;<\/em>\u00a0\u2013 podkre\u015bla Miros\u0142aw Ba\u015bciuk.<\/p>\n<p>Ca\u0142y artyku\u0142 znajd\u0105 Pa\u0144stwo\u00a0<a href=\"http:\/\/goo.gl\/WHQbfp\">tutaj<\/a>\u00a0b\u0105d\u017a w drukowanym wydaniu dziennika Rzeczpospolita.<\/p>\n","protected":false},"excerpt":{"rendered":"<p>Zamiast do sklepu stare urz\u0105dzenia RTV i AGD trafiaj\u0105 na z\u0142om &#8211; ostrzega \u0141ukasz Kuligowski w &#8222;Rzeczpospolitej&#8221; z 18 maja 2016 r. Artyku\u0142 powsta\u0142 na podstawie informacji podanych przez ZPBE Elektro-Odzysk. W artykule Miros\u0142aw Ba\u015bciuk, prezes Zwi\u0105zku zauwa\u017ca, \u017ce Polska mo\u017ce mie\u0107 problem ze spe\u0142nieniem wymogu minimalnego poziomu zbir\u00f3ki elektroodpad\u00f3w: &#8222;W\u0142a\u015bciwe informowanie konsument\u00f3w o tym,&#8230;<\/p>\n","protected":false},"author":1,"featured_media":0,"comment_status":"closed","ping_status":"open","sticky":false,"template":"","format":"standard","meta":{"_crdt_document":"","footnotes":""},"categories":[4],"tags":[],"class_list":["post-127","post","type-post","status-publish","format-standard","hentry","category-aktualnosci"],"_links":{"self":[{"href":"https:\/\/elektro-odzysk.pl\/index.php\/wp-json\/wp\/v2\/posts\/127","targetHints":{"allow":["GET"]}}],"collection":[{"href":"https:\/\/elektro-odzysk.pl\/index.php\/wp-json\/wp\/v2\/posts"}],"about":[{"href":"https:\/\/elektro-odzysk.pl\/index.php\/wp-json\/wp\/v2\/types\/post"}],"author":[{"embeddable":true,"href":"https:\/\/elektro-odzysk.pl\/index.php\/wp-json\/wp\/v2\/users\/1"}],"replies":[{"embeddable":true,"href":"https:\/\/elektro-odzysk.pl\/index.php\/wp-json\/wp\/v2\/comments?post=127"}],"version-history":[{"count":1,"href":"https:\/\/elektro-odzysk.pl\/index.php\/wp-json\/wp\/v2\/posts\/127\/revisions"}],"predecessor-version":[{"id":128,"href":"https:\/\/elektro-odzysk.pl\/index.php\/wp-json\/wp\/v2\/posts\/127\/revisions\/128"}],"wp:attachment":[{"href":"https:\/\/elektro-odzysk.pl\/index.php\/wp-json\/wp\/v2\/media?parent=127"}],"wp:term":[{"taxonomy":"category","embeddable":true,"href":"https:\/\/elektro-odzysk.pl\/index.php\/wp-json\/wp\/v2\/categories?post=127"},{"taxonomy":"post_tag","embeddable":true,"href":"https:\/\/elektro-odzysk.pl\/index.php\/wp-json\/wp\/v2\/tags?post=127"}],"curies":[{"name":"wp","href":"https:\/\/api.w.org\/{rel}","templated":true}]}}