{"id":172,"date":"2019-06-12T13:11:02","date_gmt":"2019-06-12T11:11:02","guid":{"rendered":"https:\/\/elektro-odzysk.pl\/?p=172"},"modified":"2024-03-19T04:53:08","modified_gmt":"2024-03-19T03:53:08","slug":"walne-zgromadzenie-czlonkow-2019","status":"publish","type":"post","link":"https:\/\/elektro-odzysk.pl\/index.php\/2019\/06\/12\/walne-zgromadzenie-czlonkow-2019\/","title":{"rendered":"Walne Zgromadzenie Cz\u0142onk\u00f3w 2019"},"content":{"rendered":"<p><img loading=\"lazy\" decoding=\"async\" class=\"alignnone size-full wp-image-173\" src=\"http:\/\/elektro-odzysk.pl\/wp-content\/uploads\/2023\/06\/spotkanie.jpg\" alt=\"\" width=\"640\" height=\"426\" srcset=\"https:\/\/elektro-odzysk.pl\/wp-content\/uploads\/2023\/06\/spotkanie.jpg 640w, https:\/\/elektro-odzysk.pl\/wp-content\/uploads\/2023\/06\/spotkanie-300x200.jpg 300w\" sizes=\"auto, (max-width: 640px) 100vw, 640px\" \/><\/p>\n<p>W dniu 10 czerwca 2019 roku w siedzibie Zwi\u0105zku odby\u0142o si\u0119 Zwyczajne Walne Zgromadzenie Cz\u0142onk\u00f3w Zwi\u0105zku Pracodawc\u00f3w Bran\u017cy Elektroodpad\u00f3w i Opakowa\u0144 Elektro-Odzysk. W trakcie walnego Zgromadzenia przyj\u0119te zosta\u0142o sprawozdanie Rady Nadzorczej oraz sprawozdanie Zarz\u0105du z dzia\u0142ano\u015bci Zwi\u0105zku za 2018 rok, zatwierdzono sprawozdanie finansowe oraz podj\u0119to uchwa\u0142y w sprawie zmian Statutu Zwi\u0105zku. Om\u00f3wione zosta\u0142y sprawy bie\u017c\u0105ce i plany dzia\u0142ania na rok 2019.<\/p>\n<p>Ponadto zosta\u0142y wybrane nowe w\u0142adze Zwi\u0105zku &#8211; Prezesem Zarz\u0105du zosta\u0142 wybrany Robert Wawrzonek. Pe\u0142ny sk\u0142ad Rady Nadzorczej oraz Zarz\u0105du Zwi\u0105zku znajduje si\u0119 w zak\u0142adce\u00a0<a href=\"http:\/\/elektro-odzysk.pl\/index.php?page=wladze\" target=\"_blank\" rel=\"noopener\">W\u0142adze<\/a>.<\/p>\n","protected":false},"excerpt":{"rendered":"<p>W dniu 10 czerwca 2019 roku w siedzibie Zwi\u0105zku odby\u0142o si\u0119 Zwyczajne Walne Zgromadzenie Cz\u0142onk\u00f3w Zwi\u0105zku Pracodawc\u00f3w Bran\u017cy Elektroodpad\u00f3w i Opakowa\u0144 Elektro-Odzysk. W trakcie walnego Zgromadzenia przyj\u0119te zosta\u0142o sprawozdanie Rady Nadzorczej oraz sprawozdanie Zarz\u0105du z dzia\u0142ano\u015bci Zwi\u0105zku za 2018 rok, zatwierdzono sprawozdanie finansowe oraz podj\u0119to uchwa\u0142y w sprawie zmian Statutu Zwi\u0105zku. Om\u00f3wione zosta\u0142y sprawy bie\u017c\u0105ce&#8230;<\/p>\n","protected":false},"author":1,"featured_media":0,"comment_status":"closed","ping_status":"open","sticky":false,"template":"","format":"standard","meta":{"_crdt_document":"","footnotes":""},"categories":[4],"tags":[],"class_list":["post-172","post","type-post","status-publish","format-standard","hentry","category-aktualnosci"],"_links":{"self":[{"href":"https:\/\/elektro-odzysk.pl\/index.php\/wp-json\/wp\/v2\/posts\/172","targetHints":{"allow":["GET"]}}],"collection":[{"href":"https:\/\/elektro-odzysk.pl\/index.php\/wp-json\/wp\/v2\/posts"}],"about":[{"href":"https:\/\/elektro-odzysk.pl\/index.php\/wp-json\/wp\/v2\/types\/post"}],"author":[{"embeddable":true,"href":"https:\/\/elektro-odzysk.pl\/index.php\/wp-json\/wp\/v2\/users\/1"}],"replies":[{"embeddable":true,"href":"https:\/\/elektro-odzysk.pl\/index.php\/wp-json\/wp\/v2\/comments?post=172"}],"version-history":[{"count":1,"href":"https:\/\/elektro-odzysk.pl\/index.php\/wp-json\/wp\/v2\/posts\/172\/revisions"}],"predecessor-version":[{"id":174,"href":"https:\/\/elektro-odzysk.pl\/index.php\/wp-json\/wp\/v2\/posts\/172\/revisions\/174"}],"wp:attachment":[{"href":"https:\/\/elektro-odzysk.pl\/index.php\/wp-json\/wp\/v2\/media?parent=172"}],"wp:term":[{"taxonomy":"category","embeddable":true,"href":"https:\/\/elektro-odzysk.pl\/index.php\/wp-json\/wp\/v2\/categories?post=172"},{"taxonomy":"post_tag","embeddable":true,"href":"https:\/\/elektro-odzysk.pl\/index.php\/wp-json\/wp\/v2\/tags?post=172"}],"curies":[{"name":"wp","href":"https:\/\/api.w.org\/{rel}","templated":true}]}}