{"id":207,"date":"2019-12-17T13:27:09","date_gmt":"2019-12-17T12:27:09","guid":{"rendered":"https:\/\/elektro-odzysk.pl\/?p=207"},"modified":"2024-03-19T04:53:08","modified_gmt":"2024-03-19T03:53:08","slug":"elektroniczna-ewidencja-odpadow-tematem-posiedzenia-komisji-ochrony-srodowiska","status":"publish","type":"post","link":"https:\/\/elektro-odzysk.pl\/index.php\/2019\/12\/17\/elektroniczna-ewidencja-odpadow-tematem-posiedzenia-komisji-ochrony-srodowiska\/","title":{"rendered":"Elektroniczna ewidencja odpad\u00f3w tematem posiedzenia Komisji Ochrony \u015arodowiska"},"content":{"rendered":"<div>W dniu 18 grudnia (\u015broda) o godzinie 19:00 planowane jest posiedzenie Sejmowej Komisji Ochrony \u015arodowiska,\u00a0Zasob\u00f3w Naturalnych i Le\u015bnictwa.\u00a0Tematem posiedzenia b\u0119dzie rozpatrzenie informacji Ministra Klimatu Micha\u0142a Kurtyki na temat stanu przygotowa\u0144 administracji publicznej i sfery gospodarczej do funkcjonowania Bazy Danych Odpadowych (BDO) oraz przyczyn wzrostu cen odbioru odpad\u00f3w komunalnych.<\/div>\n<div><\/div>\n<div>Ponadto cz\u0142onkowie Komisji pod przewodnictwa Urszuli Pas\u0142awskiej b\u0119d\u0105 zastanawia\u0107 si\u0119 nad barierami funkcjonowania selektywnej zbi\u00f3rki odpad\u00f3w komunalnych.<\/div>\n<div><\/div>\n<div>Wi\u0119cej na:\u00a0<a href=\"http:\/\/www.sejm.gov.pl\/Sejm9.nsf\/agent.xsp?symbol=KOMISJAST&amp;NrKadencji=9&amp;KodKom=OSZ\" target=\"_blank\" rel=\"noopener\">sejm.gov.pl<\/a><\/div>\n","protected":false},"excerpt":{"rendered":"<p>W dniu 18 grudnia (\u015broda) o godzinie 19:00 planowane jest posiedzenie Sejmowej Komisji Ochrony \u015arodowiska,\u00a0Zasob\u00f3w Naturalnych i Le\u015bnictwa.\u00a0Tematem posiedzenia b\u0119dzie rozpatrzenie informacji Ministra Klimatu Micha\u0142a Kurtyki na temat stanu przygotowa\u0144 administracji publicznej i sfery gospodarczej do funkcjonowania Bazy Danych Odpadowych (BDO) oraz przyczyn wzrostu cen odbioru odpad\u00f3w komunalnych. Ponadto cz\u0142onkowie Komisji pod przewodnictwa Urszuli Pas\u0142awskiej&#8230;<\/p>\n","protected":false},"author":1,"featured_media":0,"comment_status":"closed","ping_status":"open","sticky":false,"template":"","format":"standard","meta":{"_crdt_document":"","footnotes":""},"categories":[4],"tags":[],"class_list":["post-207","post","type-post","status-publish","format-standard","hentry","category-aktualnosci"],"_links":{"self":[{"href":"https:\/\/elektro-odzysk.pl\/index.php\/wp-json\/wp\/v2\/posts\/207","targetHints":{"allow":["GET"]}}],"collection":[{"href":"https:\/\/elektro-odzysk.pl\/index.php\/wp-json\/wp\/v2\/posts"}],"about":[{"href":"https:\/\/elektro-odzysk.pl\/index.php\/wp-json\/wp\/v2\/types\/post"}],"author":[{"embeddable":true,"href":"https:\/\/elektro-odzysk.pl\/index.php\/wp-json\/wp\/v2\/users\/1"}],"replies":[{"embeddable":true,"href":"https:\/\/elektro-odzysk.pl\/index.php\/wp-json\/wp\/v2\/comments?post=207"}],"version-history":[{"count":1,"href":"https:\/\/elektro-odzysk.pl\/index.php\/wp-json\/wp\/v2\/posts\/207\/revisions"}],"predecessor-version":[{"id":208,"href":"https:\/\/elektro-odzysk.pl\/index.php\/wp-json\/wp\/v2\/posts\/207\/revisions\/208"}],"wp:attachment":[{"href":"https:\/\/elektro-odzysk.pl\/index.php\/wp-json\/wp\/v2\/media?parent=207"}],"wp:term":[{"taxonomy":"category","embeddable":true,"href":"https:\/\/elektro-odzysk.pl\/index.php\/wp-json\/wp\/v2\/categories?post=207"},{"taxonomy":"post_tag","embeddable":true,"href":"https:\/\/elektro-odzysk.pl\/index.php\/wp-json\/wp\/v2\/tags?post=207"}],"curies":[{"name":"wp","href":"https:\/\/api.w.org\/{rel}","templated":true}]}}