{"id":249,"date":"2020-07-29T13:43:10","date_gmt":"2020-07-29T11:43:10","guid":{"rendered":"https:\/\/elektro-odzysk.pl\/?p=249"},"modified":"2024-03-19T04:53:07","modified_gmt":"2024-03-19T03:53:07","slug":"glowny-inspektor-ochrony-srodowiska-odwolany","status":"publish","type":"post","link":"https:\/\/elektro-odzysk.pl\/index.php\/2020\/07\/29\/glowny-inspektor-ochrony-srodowiska-odwolany\/","title":{"rendered":"G\u0142\u00f3wny Inspektor Ochrony \u015arodowiska odwo\u0142any"},"content":{"rendered":"<p><img loading=\"lazy\" decoding=\"async\" class=\"alignnone size-full wp-image-250\" src=\"http:\/\/elektro-odzysk.pl\/wp-content\/uploads\/2023\/06\/1gios.jpg\" alt=\"\" width=\"876\" height=\"319\" srcset=\"https:\/\/elektro-odzysk.pl\/wp-content\/uploads\/2023\/06\/1gios.jpg 876w, https:\/\/elektro-odzysk.pl\/wp-content\/uploads\/2023\/06\/1gios-300x109.jpg 300w, https:\/\/elektro-odzysk.pl\/wp-content\/uploads\/2023\/06\/1gios-768x280.jpg 768w\" sizes=\"auto, (max-width: 876px) 100vw, 876px\" \/><\/p>\n<p>Pawe\u0142 Cie\u0107ko zosta\u0142 odwo\u0142any stanowisko szefa G\u0142\u00f3wnego Inspektoratu Ochrony \u015arodowiska. Swoje stanowisko pe\u0142ni\u0142\u00a0od listopada 2018 roku. W oficjalnym komunikacie GIO\u015a nie podano powodu tej decyzji.<\/p>\n<p>Jak czytamy w serwisie Portal Samorz\u0105dowy, tymczasowo obowi\u0105zki szefa GIO\u015a przej\u0105\u0142 dotychczasowy zast\u0119pca GIO\u015a Marek Surmacz. Zanim Pawe\u0142 Cie\u0107ko zosta\u0142 G\u0142\u00f3wnym Inspektorem Ochrony \u015arodowiska przez dekad\u0119 by\u0142 Wojew\u00f3dzkim Inspektorem Ochrony \u015arodowiska w Krakowie. Od 2019 roku jest te\u017c cz\u0142onkiem Rady Naukowej Instytutu Meteorologii i Gospodarki Wodnej.<\/p>\n<p>Wi\u0119cej na:\u00a0<a href=\"https:\/\/www.portalsamorzadowy.pl\/gospodarka-komunalna\/odwolano-glownego-inspektora-ochrony-srodowiska,202934.html\" target=\"_blank\" rel=\"noopener\">www.portalsamorzadowy.pl<\/a><\/p>\n","protected":false},"excerpt":{"rendered":"<p>Pawe\u0142 Cie\u0107ko zosta\u0142 odwo\u0142any stanowisko szefa G\u0142\u00f3wnego Inspektoratu Ochrony \u015arodowiska. Swoje stanowisko pe\u0142ni\u0142\u00a0od listopada 2018 roku. W oficjalnym komunikacie GIO\u015a nie podano powodu tej decyzji. Jak czytamy w serwisie Portal Samorz\u0105dowy, tymczasowo obowi\u0105zki szefa GIO\u015a przej\u0105\u0142 dotychczasowy zast\u0119pca GIO\u015a Marek Surmacz. Zanim Pawe\u0142 Cie\u0107ko zosta\u0142 G\u0142\u00f3wnym Inspektorem Ochrony \u015arodowiska przez dekad\u0119 by\u0142 Wojew\u00f3dzkim Inspektorem Ochrony&#8230;<\/p>\n","protected":false},"author":1,"featured_media":0,"comment_status":"closed","ping_status":"open","sticky":false,"template":"","format":"standard","meta":{"_crdt_document":"","footnotes":""},"categories":[4],"tags":[],"class_list":["post-249","post","type-post","status-publish","format-standard","hentry","category-aktualnosci"],"_links":{"self":[{"href":"https:\/\/elektro-odzysk.pl\/index.php\/wp-json\/wp\/v2\/posts\/249","targetHints":{"allow":["GET"]}}],"collection":[{"href":"https:\/\/elektro-odzysk.pl\/index.php\/wp-json\/wp\/v2\/posts"}],"about":[{"href":"https:\/\/elektro-odzysk.pl\/index.php\/wp-json\/wp\/v2\/types\/post"}],"author":[{"embeddable":true,"href":"https:\/\/elektro-odzysk.pl\/index.php\/wp-json\/wp\/v2\/users\/1"}],"replies":[{"embeddable":true,"href":"https:\/\/elektro-odzysk.pl\/index.php\/wp-json\/wp\/v2\/comments?post=249"}],"version-history":[{"count":1,"href":"https:\/\/elektro-odzysk.pl\/index.php\/wp-json\/wp\/v2\/posts\/249\/revisions"}],"predecessor-version":[{"id":251,"href":"https:\/\/elektro-odzysk.pl\/index.php\/wp-json\/wp\/v2\/posts\/249\/revisions\/251"}],"wp:attachment":[{"href":"https:\/\/elektro-odzysk.pl\/index.php\/wp-json\/wp\/v2\/media?parent=249"}],"wp:term":[{"taxonomy":"category","embeddable":true,"href":"https:\/\/elektro-odzysk.pl\/index.php\/wp-json\/wp\/v2\/categories?post=249"},{"taxonomy":"post_tag","embeddable":true,"href":"https:\/\/elektro-odzysk.pl\/index.php\/wp-json\/wp\/v2\/tags?post=249"}],"curies":[{"name":"wp","href":"https:\/\/api.w.org\/{rel}","templated":true}]}}