{"id":266,"date":"2020-11-10T14:55:11","date_gmt":"2020-11-10T13:55:11","guid":{"rendered":"https:\/\/elektro-odzysk.pl\/?p=266"},"modified":"2024-03-19T04:53:07","modified_gmt":"2024-03-19T03:53:07","slug":"podzial-kompetencji-w-nowym-polaczonym-ministerstwie","status":"publish","type":"post","link":"https:\/\/elektro-odzysk.pl\/index.php\/2020\/11\/10\/podzial-kompetencji-w-nowym-polaczonym-ministerstwie\/","title":{"rendered":"Podzia\u0142 kompetencji w nowym po\u0142\u0105czonym Ministerstwie"},"content":{"rendered":"<p><img loading=\"lazy\" decoding=\"async\" class=\"alignnone size-large wp-image-264\" src=\"http:\/\/elektro-odzysk.pl\/wp-content\/uploads\/2023\/06\/Logo-MKiS-2020-1024x458.jpg\" alt=\"\" width=\"1024\" height=\"458\" srcset=\"https:\/\/elektro-odzysk.pl\/wp-content\/uploads\/2023\/06\/Logo-MKiS-2020-1024x458.jpg 1024w, https:\/\/elektro-odzysk.pl\/wp-content\/uploads\/2023\/06\/Logo-MKiS-2020-300x134.jpg 300w, https:\/\/elektro-odzysk.pl\/wp-content\/uploads\/2023\/06\/Logo-MKiS-2020-768x344.jpg 768w, https:\/\/elektro-odzysk.pl\/wp-content\/uploads\/2023\/06\/Logo-MKiS-2020.jpg 1500w\" sizes=\"auto, (max-width: 1024px) 100vw, 1024px\" \/><\/p>\n<p>Ministerstwo Klimatu i \u015arodowiska przej\u0119\u0142o \u2013 cz\u0119\u015bciowo lub w ca\u0142o\u015bci \u2013 kompetencje trzech zlikwidowanych resort\u00f3w: \u015brodowiska, klimatu oraz gospodarski morskiej i \u017ceglugi \u015br\u00f3dl\u0105dowej. Przedstawiemy szczeg\u00f3\u0142owy podzia\u0142 kompetencji w kierownictwie resortu.<\/p>\n<p>Minister Micha\u0142 Kurtyka \u2013 opr\u00f3cz kompetencji czysto organizacyjnych i kierowniczych w resorcie nadzoruje te\u017c prace Biura Ministra, Departamentu Edukacji i Komunikacji, Departamentu Gospodarki Wodnej, Departamentu Prawnego, Departamentu Spraw Obronnych, Zarz\u0105dzania Kryzysowego i Bezpiecze\u0144stwa.<\/p>\n<p>Wykonuje tak\u017ce kompetencje prezesa Pa\u0144stwowej Agencji Atomistyki, Agencji Rezerw Materia\u0142owych, Instytutu Meteorologii i Gospodarki Wodnej \u2013 Pa\u0144stwowego Instytutu Badawczego, Pa\u0144stwowego Gospodarstwa Wodnego Wody Polskie, a tak\u017ce prawa i obowi\u0105zki Skarbu Pa\u0144stwa wynikaj\u0105ce z tytu\u0142\u00f3w uczestnictwa Skarbu Pa\u0144stwa w: Przedsi\u0119biorstwie Budownictwa Hydrotechnicznego \u201eODRA 3\u201d, Przedsi\u0119biorstwie Budownictwa Wodnego w Tczewie (w likwidacji), Przedsi\u0119biorstwie Budownictwa Wodnego Przedsi\u0119biorstwie Rob\u00f3t Czerpalnych i Podwodnych.<\/p>\n<p>Jacek Ozdoba (wiceminister w randze sekretarza stanu) zajmuje si\u0119 pracami Departamentu Ciep\u0142ownictwa, Departamentu Instrument\u00f3w \u015arodowiskowych, Departamentu Gospodarki Odpadami. Wykonuje te\u017c kompetencje Ministra w stosunku do G\u0142\u00f3wnego Inspektora Ochrony \u015arodowiska.<\/p>\n<p>Wi\u0119cej na:\u00a0<a href=\"https:\/\/dziennikurzedowy.mos.gov.pl\/dzienniki-urzedowe-z-2020-r\/pazdziernik-grudzien\/zarzadzenie\/poz-10-zarzadzenie-ministra-klimatu-i-srodowiska-z-dnia-9-listopada-2020-r-w-sprawie-regulamin\/\" target=\"_blank\" rel=\"noopener\">dziennikurzedowy.mos.gov.p<\/a><\/p>\n","protected":false},"excerpt":{"rendered":"<p>Ministerstwo Klimatu i \u015arodowiska przej\u0119\u0142o \u2013 cz\u0119\u015bciowo lub w ca\u0142o\u015bci \u2013 kompetencje trzech zlikwidowanych resort\u00f3w: \u015brodowiska, klimatu oraz gospodarski morskiej i \u017ceglugi \u015br\u00f3dl\u0105dowej. Przedstawiemy szczeg\u00f3\u0142owy podzia\u0142 kompetencji w kierownictwie resortu. Minister Micha\u0142 Kurtyka \u2013 opr\u00f3cz kompetencji czysto organizacyjnych i kierowniczych w resorcie nadzoruje te\u017c prace Biura Ministra, Departamentu Edukacji i Komunikacji, Departamentu Gospodarki Wodnej, Departamentu&#8230;<\/p>\n","protected":false},"author":1,"featured_media":0,"comment_status":"closed","ping_status":"open","sticky":false,"template":"","format":"standard","meta":{"_crdt_document":"","footnotes":""},"categories":[4],"tags":[],"class_list":["post-266","post","type-post","status-publish","format-standard","hentry","category-aktualnosci"],"_links":{"self":[{"href":"https:\/\/elektro-odzysk.pl\/index.php\/wp-json\/wp\/v2\/posts\/266","targetHints":{"allow":["GET"]}}],"collection":[{"href":"https:\/\/elektro-odzysk.pl\/index.php\/wp-json\/wp\/v2\/posts"}],"about":[{"href":"https:\/\/elektro-odzysk.pl\/index.php\/wp-json\/wp\/v2\/types\/post"}],"author":[{"embeddable":true,"href":"https:\/\/elektro-odzysk.pl\/index.php\/wp-json\/wp\/v2\/users\/1"}],"replies":[{"embeddable":true,"href":"https:\/\/elektro-odzysk.pl\/index.php\/wp-json\/wp\/v2\/comments?post=266"}],"version-history":[{"count":1,"href":"https:\/\/elektro-odzysk.pl\/index.php\/wp-json\/wp\/v2\/posts\/266\/revisions"}],"predecessor-version":[{"id":267,"href":"https:\/\/elektro-odzysk.pl\/index.php\/wp-json\/wp\/v2\/posts\/266\/revisions\/267"}],"wp:attachment":[{"href":"https:\/\/elektro-odzysk.pl\/index.php\/wp-json\/wp\/v2\/media?parent=266"}],"wp:term":[{"taxonomy":"category","embeddable":true,"href":"https:\/\/elektro-odzysk.pl\/index.php\/wp-json\/wp\/v2\/categories?post=266"},{"taxonomy":"post_tag","embeddable":true,"href":"https:\/\/elektro-odzysk.pl\/index.php\/wp-json\/wp\/v2\/tags?post=266"}],"curies":[{"name":"wp","href":"https:\/\/api.w.org\/{rel}","templated":true}]}}