{"id":337,"date":"2022-12-21T15:30:38","date_gmt":"2022-12-21T14:30:38","guid":{"rendered":"https:\/\/elektro-odzysk.pl\/?p=337"},"modified":"2024-03-19T04:53:06","modified_gmt":"2024-03-19T03:53:06","slug":"koniec-plastikowych-slomek-i-sztuccow-projekt-ustawy-przyjety","status":"publish","type":"post","link":"https:\/\/elektro-odzysk.pl\/index.php\/2022\/12\/21\/koniec-plastikowych-slomek-i-sztuccow-projekt-ustawy-przyjety\/","title":{"rendered":"Koniec plastikowych s\u0142omek i sztu\u0107c\u00f3w &#8211; projekt ustawy przyj\u0119ty"},"content":{"rendered":"<p class=\"td-post-sub-title\">Rz\u0105d przyj\u0105\u0142 projekt ustawy, kt\u00f3ra ma doprowadzi\u0107 do zmniejszenia ilo\u015bci odpad\u00f3w, kt\u00f3re powstaj\u0105 z plastikowych produkt\u00f3w jednorazowego u\u017cytku takich jak: s\u0142omki, sztu\u0107ce, patyczki higieniczne \u2013 poinformowa\u0142a Kancelaria Prezesa Rady Ministr\u00f3w. Projekt dostosowuje polskie prawo do przepis\u00f3w obowi\u0105zuj\u0105cych w Unii Europejskiej. Chodzi o zmniejszenie ilo\u015bci odpad\u00f3w, kt\u00f3re powstaj\u0105 z produkt\u00f3w jednorazowego u\u017cytku z tworzyw sztucznych, obecnych w \u015brodowisku naturalnym, w szczeg\u00f3lno\u015bci w \u015brodowisku morskim.<\/p>\n<p class=\"td-post-sub-title\">Rada Ministr\u00f3w przyj\u0119\u0142a we wtorek 20 grudnia projekt ustawy o zmianie ustawy o obowi\u0105zkach przedsi\u0119biorc\u00f3w w zakresie gospodarowania niekt\u00f3rymi odpadami oraz o op\u0142acie produktowej i innych ustaw.<\/p>\n<p class=\"td-post-sub-title\">Jak wyja\u015bniono, ilo\u015b\u0107 odpad\u00f3w w ocenach i morzach stale ro\u015bnie. Pod wzgl\u0119dem ilo\u015bciowym produkty jednorazowego u\u017cytku z tworzyw sztucznych stanowi\u0105 50 proc. wszystkich odpad\u00f3w, kt\u00f3re wyst\u0119puj\u0105 w \u015brodowisku morskim.<\/p>\n<p class=\"td-post-sub-title\">Wed\u0142ug KPRM, zgodnie z nowymi przepisami, m.in. zakazane b\u0119dzie wprowadzanie do obrotu produkt\u00f3w jednorazowego u\u017cytku z tworzyw sztucznych, takich jak patyczki higieniczne, sztu\u0107ce (widelce, no\u017ce, \u0142y\u017cki, patyczki), talerze, s\u0142omki, czy styropianowe pojemniki na posi\u0142ki i napoje.<\/p>\n<p class=\"td-post-sub-title\">Wi\u0119cej na:\u00a0<a href=\"https:\/\/www.pap.pl\/aktualnosci\/news%2C1512593%2Cbedzie-koniec-sprzedazy-plastikowych-slomek-sztuccow-czy-patyczkow-rzad\" target=\"_blank\" rel=\"noopener\">www.pap.pl<\/a><\/p>\n","protected":false},"excerpt":{"rendered":"<p>Rz\u0105d przyj\u0105\u0142 projekt ustawy, kt\u00f3ra ma doprowadzi\u0107 do zmniejszenia ilo\u015bci odpad\u00f3w, kt\u00f3re powstaj\u0105 z plastikowych produkt\u00f3w jednorazowego u\u017cytku takich jak: s\u0142omki, sztu\u0107ce, patyczki higieniczne \u2013 poinformowa\u0142a Kancelaria Prezesa Rady Ministr\u00f3w. Projekt dostosowuje polskie prawo do przepis\u00f3w obowi\u0105zuj\u0105cych w Unii Europejskiej. Chodzi o zmniejszenie ilo\u015bci odpad\u00f3w, kt\u00f3re powstaj\u0105 z produkt\u00f3w jednorazowego u\u017cytku z tworzyw sztucznych, obecnych&#8230;<\/p>\n","protected":false},"author":1,"featured_media":420,"comment_status":"closed","ping_status":"open","sticky":false,"template":"","format":"standard","meta":{"_crdt_document":"","footnotes":""},"categories":[4],"tags":[],"class_list":["post-337","post","type-post","status-publish","format-standard","has-post-thumbnail","hentry","category-aktualnosci"],"_links":{"self":[{"href":"https:\/\/elektro-odzysk.pl\/index.php\/wp-json\/wp\/v2\/posts\/337","targetHints":{"allow":["GET"]}}],"collection":[{"href":"https:\/\/elektro-odzysk.pl\/index.php\/wp-json\/wp\/v2\/posts"}],"about":[{"href":"https:\/\/elektro-odzysk.pl\/index.php\/wp-json\/wp\/v2\/types\/post"}],"author":[{"embeddable":true,"href":"https:\/\/elektro-odzysk.pl\/index.php\/wp-json\/wp\/v2\/users\/1"}],"replies":[{"embeddable":true,"href":"https:\/\/elektro-odzysk.pl\/index.php\/wp-json\/wp\/v2\/comments?post=337"}],"version-history":[{"count":1,"href":"https:\/\/elektro-odzysk.pl\/index.php\/wp-json\/wp\/v2\/posts\/337\/revisions"}],"predecessor-version":[{"id":338,"href":"https:\/\/elektro-odzysk.pl\/index.php\/wp-json\/wp\/v2\/posts\/337\/revisions\/338"}],"wp:featuredmedia":[{"embeddable":true,"href":"https:\/\/elektro-odzysk.pl\/index.php\/wp-json\/wp\/v2\/media\/420"}],"wp:attachment":[{"href":"https:\/\/elektro-odzysk.pl\/index.php\/wp-json\/wp\/v2\/media?parent=337"}],"wp:term":[{"taxonomy":"category","embeddable":true,"href":"https:\/\/elektro-odzysk.pl\/index.php\/wp-json\/wp\/v2\/categories?post=337"},{"taxonomy":"post_tag","embeddable":true,"href":"https:\/\/elektro-odzysk.pl\/index.php\/wp-json\/wp\/v2\/tags?post=337"}],"curies":[{"name":"wp","href":"https:\/\/api.w.org\/{rel}","templated":true}]}}