{"id":37,"date":"2014-04-24T11:24:07","date_gmt":"2014-04-24T09:24:07","guid":{"rendered":"https:\/\/elektro-odzysk.pl\/?p=37"},"modified":"2024-03-19T04:53:09","modified_gmt":"2024-03-19T03:53:09","slug":"zwiazek-rozpoczal-spotkania-z-parlamentarzystami","status":"publish","type":"post","link":"https:\/\/elektro-odzysk.pl\/index.php\/2014\/04\/24\/zwiazek-rozpoczal-spotkania-z-parlamentarzystami\/","title":{"rendered":"Zwi\u0105zek rozpocz\u0105\u0142 spotkania z parlamentarzystami"},"content":{"rendered":"<div id=\"left2\">\n<div id=\"main_content\">\n<div id=\"NewsPostDetailContent\">\n<p>Zwi\u0105zek Pracodawc\u00f3w Bran\u017cy Elektroodpad\u00f3w ELEKTRO-ODZYSK rozpocz\u0105\u0142 cykl spotka\u0144 z parlamentarzystami oraz cz\u0142onkami sejmowej Podkomisji sta\u0142ej ds. monitorowania gospodarki odpadami. Podczas spotka\u0144 przedstawiciele Zwi\u0105zku przedstawiaj\u0105 swoje stanowisko oraz pokazuj\u0105 najlepsze sposoby likwidacji szarej strefy w gospodarowaniu zu\u017cytym sprz\u0119tem elektrycznym i elektronicznym. Przedstawiciele Zwi\u0105zku spotkali si\u0119 r\u00f3wnie\u017c z Przewodnicz\u0105cym Podkomisji Tadeuszem Arkitem oraz innymi jej cz\u0142onkami. Parlamentarzy\u015bci wykazali du\u017ce zainteresowanie problemem. Kolejne spotkania planowane s\u0105 po ukazaniu si\u0119 projektu ustawy.<\/p>\n<\/div>\n<\/div>\n<div class=\"clearfix\"><\/div>\n<\/div>\n","protected":false},"excerpt":{"rendered":"<p>Zwi\u0105zek Pracodawc\u00f3w Bran\u017cy Elektroodpad\u00f3w ELEKTRO-ODZYSK rozpocz\u0105\u0142 cykl spotka\u0144 z parlamentarzystami oraz cz\u0142onkami sejmowej Podkomisji sta\u0142ej ds. monitorowania gospodarki odpadami. Podczas spotka\u0144 przedstawiciele Zwi\u0105zku przedstawiaj\u0105 swoje stanowisko oraz pokazuj\u0105 najlepsze sposoby likwidacji szarej strefy w gospodarowaniu zu\u017cytym sprz\u0119tem elektrycznym i elektronicznym. Przedstawiciele Zwi\u0105zku spotkali si\u0119 r\u00f3wnie\u017c z Przewodnicz\u0105cym Podkomisji Tadeuszem Arkitem oraz innymi jej cz\u0142onkami. Parlamentarzy\u015bci&#8230;<\/p>\n","protected":false},"author":1,"featured_media":0,"comment_status":"closed","ping_status":"open","sticky":false,"template":"","format":"standard","meta":{"_crdt_document":"","footnotes":""},"categories":[4],"tags":[],"class_list":["post-37","post","type-post","status-publish","format-standard","hentry","category-aktualnosci"],"_links":{"self":[{"href":"https:\/\/elektro-odzysk.pl\/index.php\/wp-json\/wp\/v2\/posts\/37","targetHints":{"allow":["GET"]}}],"collection":[{"href":"https:\/\/elektro-odzysk.pl\/index.php\/wp-json\/wp\/v2\/posts"}],"about":[{"href":"https:\/\/elektro-odzysk.pl\/index.php\/wp-json\/wp\/v2\/types\/post"}],"author":[{"embeddable":true,"href":"https:\/\/elektro-odzysk.pl\/index.php\/wp-json\/wp\/v2\/users\/1"}],"replies":[{"embeddable":true,"href":"https:\/\/elektro-odzysk.pl\/index.php\/wp-json\/wp\/v2\/comments?post=37"}],"version-history":[{"count":1,"href":"https:\/\/elektro-odzysk.pl\/index.php\/wp-json\/wp\/v2\/posts\/37\/revisions"}],"predecessor-version":[{"id":38,"href":"https:\/\/elektro-odzysk.pl\/index.php\/wp-json\/wp\/v2\/posts\/37\/revisions\/38"}],"wp:attachment":[{"href":"https:\/\/elektro-odzysk.pl\/index.php\/wp-json\/wp\/v2\/media?parent=37"}],"wp:term":[{"taxonomy":"category","embeddable":true,"href":"https:\/\/elektro-odzysk.pl\/index.php\/wp-json\/wp\/v2\/categories?post=37"},{"taxonomy":"post_tag","embeddable":true,"href":"https:\/\/elektro-odzysk.pl\/index.php\/wp-json\/wp\/v2\/tags?post=37"}],"curies":[{"name":"wp","href":"https:\/\/api.w.org\/{rel}","templated":true}]}}