{"id":407,"date":"2023-06-09T12:49:46","date_gmt":"2023-06-09T10:49:46","guid":{"rendered":"https:\/\/elektro-odzysk.pl\/?p=407"},"modified":"2024-03-19T04:53:06","modified_gmt":"2024-03-19T03:53:06","slug":"bruksela-plan-osiagania-celow-recyklingu-w-polsce-jest-zagrozony","status":"publish","type":"post","link":"https:\/\/elektro-odzysk.pl\/index.php\/2023\/06\/09\/bruksela-plan-osiagania-celow-recyklingu-w-polsce-jest-zagrozony\/","title":{"rendered":"Bruksela: plan osi\u0105gania cel\u00f3w recyklingu w Polsce jest zagro\u017cony"},"content":{"rendered":"<p>W opublikowanym w czwartek sprawozdaniu Komisja wskaza\u0142a pa\u0144stwa cz\u0142onkowskie, w przypadku kt\u00f3rych istnieje ryzyko, \u017ce nie b\u0119d\u0105 w stanie osi\u0105gn\u0105\u0107 cel\u00f3w recyklingu. W\u015br\u00f3d zagro\u017conych pa\u0144stw wymienia Polsk\u0119.<\/p>\n<p>Dziewi\u0119\u0107 pa\u0144stw cz\u0142onkowskich jest na dobrej drodze do osi\u0105gni\u0119cia cel\u00f3w na 2025 r.: Austria, Belgia, Czechy, Dania, Holandia, Niemcy, Luksemburg, S\u0142owenia i W\u0142ochy.<\/p>\n<p>Zdaniem Komisji istnieje jednak ryzyko, \u017ce 18 pa\u0144stw cz\u0142onkowskich nie osi\u0105gnie obu cel\u00f3w. To Estonia, Finlandia, Francja, Hiszpania, Irlandia, \u0141otwa, Portugalia i Szwecja mog\u0105 nie osi\u0105gn\u0105\u0107 celu dotycz\u0105cego odpad\u00f3w komunalnych. Bu\u0142garia, Chorwacja, Cypr, Grecja, Litwa, Malta, Polska, Rumunia, S\u0142owacja i W\u0119gry.<\/p>\n<p>\u201cNiekt\u00f3re kraje nadal sk\u0142aduj\u0105 wi\u0119kszo\u015b\u0107 odpad\u00f3w komunalnych i prawdopodobnie nie spe\u0142ni\u0105 wyznaczonego na 2035 r. celu sk\u0142adowania. Komisja przedstawia tym pa\u0144stwom cz\u0142onkowskim zalecenia, opieraj\u0105c si\u0119 na sta\u0142ym wsparciu finansowym i technicznym zapewnianym w celu poprawy wynik\u00f3w w zakresie gospodarowania odpadami\u201d \u2013 zauwa\u017ca Komisja Europejska.<\/p>\n<p>&nbsp;<\/p>\n<p>Wi\u0119cej na: <a href=\"https:\/\/portalkomunalny.pl\/bruksela-plan-osiagania-celow-recyklingu-w-polsce-jest-zagrozony-539858\/\">https:\/\/portalkomunalny.pl\/bruksela-plan-osiagania-celow-recyklingu-w-polsce-jest-zagrozony-539858\/<\/a><\/p>\n","protected":false},"excerpt":{"rendered":"<p>W opublikowanym w czwartek sprawozdaniu Komisja wskaza\u0142a pa\u0144stwa cz\u0142onkowskie, w przypadku kt\u00f3rych istnieje ryzyko, \u017ce nie b\u0119d\u0105 w stanie osi\u0105gn\u0105\u0107 cel\u00f3w recyklingu. W\u015br\u00f3d zagro\u017conych pa\u0144stw wymienia Polsk\u0119. Dziewi\u0119\u0107 pa\u0144stw cz\u0142onkowskich jest na dobrej drodze do osi\u0105gni\u0119cia cel\u00f3w na 2025 r.: Austria, Belgia, Czechy, Dania, Holandia, Niemcy, Luksemburg, S\u0142owenia i W\u0142ochy. Zdaniem Komisji istnieje jednak ryzyko,&#8230;<\/p>\n","protected":false},"author":1,"featured_media":386,"comment_status":"closed","ping_status":"open","sticky":false,"template":"","format":"standard","meta":{"_crdt_document":"","footnotes":""},"categories":[1],"tags":[],"class_list":["post-407","post","type-post","status-publish","format-standard","has-post-thumbnail","hentry","category-bez-kategorii"],"_links":{"self":[{"href":"https:\/\/elektro-odzysk.pl\/index.php\/wp-json\/wp\/v2\/posts\/407","targetHints":{"allow":["GET"]}}],"collection":[{"href":"https:\/\/elektro-odzysk.pl\/index.php\/wp-json\/wp\/v2\/posts"}],"about":[{"href":"https:\/\/elektro-odzysk.pl\/index.php\/wp-json\/wp\/v2\/types\/post"}],"author":[{"embeddable":true,"href":"https:\/\/elektro-odzysk.pl\/index.php\/wp-json\/wp\/v2\/users\/1"}],"replies":[{"embeddable":true,"href":"https:\/\/elektro-odzysk.pl\/index.php\/wp-json\/wp\/v2\/comments?post=407"}],"version-history":[{"count":1,"href":"https:\/\/elektro-odzysk.pl\/index.php\/wp-json\/wp\/v2\/posts\/407\/revisions"}],"predecessor-version":[{"id":408,"href":"https:\/\/elektro-odzysk.pl\/index.php\/wp-json\/wp\/v2\/posts\/407\/revisions\/408"}],"wp:featuredmedia":[{"embeddable":true,"href":"https:\/\/elektro-odzysk.pl\/index.php\/wp-json\/wp\/v2\/media\/386"}],"wp:attachment":[{"href":"https:\/\/elektro-odzysk.pl\/index.php\/wp-json\/wp\/v2\/media?parent=407"}],"wp:term":[{"taxonomy":"category","embeddable":true,"href":"https:\/\/elektro-odzysk.pl\/index.php\/wp-json\/wp\/v2\/categories?post=407"},{"taxonomy":"post_tag","embeddable":true,"href":"https:\/\/elektro-odzysk.pl\/index.php\/wp-json\/wp\/v2\/tags?post=407"}],"curies":[{"name":"wp","href":"https:\/\/api.w.org\/{rel}","templated":true}]}}