{"id":83,"date":"2014-12-03T11:49:55","date_gmt":"2014-12-03T10:49:55","guid":{"rendered":"https:\/\/elektro-odzysk.pl\/?p=83"},"modified":"2024-03-19T04:53:09","modified_gmt":"2024-03-19T03:53:09","slug":"posiedzenie-podkomisji-stalej-ds-monitorowania-gospodarki-odpadami","status":"publish","type":"post","link":"https:\/\/elektro-odzysk.pl\/index.php\/2014\/12\/03\/posiedzenie-podkomisji-stalej-ds-monitorowania-gospodarki-odpadami\/","title":{"rendered":"Posiedzenie Podkomisji sta\u0142ej ds. monitorowania gospodarki odpadami"},"content":{"rendered":"<p>3. grudnia 2014 r., odby\u0142o si\u0119 posiedzenie sejmowej Podkomisji sta\u0142ej ds. monitorowania gospodarki odpadami. Podczas spotkania dyskutowano nt.\u00a0<em>strategii tworzenia optymalnego systemu zagospodarowania odpad\u00f3w oraz efektywnej alokacji \u015brodk\u00f3w w nowej perspektywie finansowej 2014-2020<\/em>. Posiedzeniu Podkomisji przewodniczy\u0142 Pose\u0142 Tadeusz Arkit, natomiast Ministerstwo \u015arodowiska reprezentowali Wiceminister Janusz Ostapiuk i Dyrektor Departamentu Gospodarki Odpadami, Ma\u0142gorzata Szymborska.<\/p>\n<p>W\u015br\u00f3d zaproszonych go\u015bci obecni byli tak\u017ce przedstawiciele Zwi\u0105zku Pracodawc\u00f3w Bran\u017cy Elektroodpad\u00f3w\u00a0<strong>ELEKTRO-ODZYSK<\/strong>.<\/p>\n<p>Pierwsza jego cz\u0119\u015b\u0107 po\u015bwi\u0119cona by\u0142a prezentacji stanowisk i opinii przedstawicieli izb gospodarczych<br \/>\ni innych organizacji dotycz\u0105cych gospodarki odpadami. W drugiej cz\u0119\u015bci posiedzenia, kt\u00f3ra po\u015bwi\u0119cona by\u0142a tematyce zbierania i przetwarzania zu\u017cytego sprz\u0119tu elektrycznego<br \/>\ni elektronicznego, g\u0142os zabra\u0142 Aleksander Traple \u2013 Wiceprezes Zwi\u0105zku\u00a0<strong>ELEKTRO-ODZYSK<\/strong>. Przedstawi\u0142 on najwa\u017cniejsze postulaty Zwi\u0105zku, maj\u0105ce na celu uszczelnienie systemu zbi\u00f3rki i przetwarzania ZSEE co powinno ograniczy\u0107 szar\u0105 stref\u0119.<\/p>\n<p>W trakcie tego wyst\u0105pienia zosta\u0142 poruszony temat\u00a0<strong>nieodp\u0142atnego odbioru ZSEE w miejscu dostawy.<\/strong>\u00a0Wed\u0142ug przedstawicieli Zwi\u0105zku wzmocnienie systemu odbioru poprzez wprowadzenie\u00a0<strong>op\u0142aty depozytowej<\/strong>, powinno \u00a0naprawi\u0107 \u00a0nieszczelny system zbi\u00f3rki. Natomiast wprowadzenie\u00a0<strong>standard\u00f3w dla zak\u0142ad\u00f3w przetwarzania<\/strong>\u00a0sprawi, \u017ce zu\u017cyty sprz\u0119t trafiaj\u0105cy do tych\u017ce zak\u0142ad\u00f3w b\u0119dzie zagospodarowywany w odpowiedni i bezpieczny dla \u015brodowiska spos\u00f3b.<\/p>\n<p>Zapis transmisji obrad Podkomisji dost\u0119pny jest po linkiem:<\/p>\n<p><a href=\"http:\/\/sejm.gov.pl\/Sejm7.nsf\/transmisje.xsp?unid=FE58181B0FF9E883C1257D97004C8B97\">http:\/\/sejm.gov.pl\/Sejm7.nsf\/transmisje.xsp?unid=FE58181B0FF9E883C1257D97004C8B97#<\/a><\/p>\n","protected":false},"excerpt":{"rendered":"<p>3. grudnia 2014 r., odby\u0142o si\u0119 posiedzenie sejmowej Podkomisji sta\u0142ej ds. monitorowania gospodarki odpadami. Podczas spotkania dyskutowano nt.\u00a0strategii tworzenia optymalnego systemu zagospodarowania odpad\u00f3w oraz efektywnej alokacji \u015brodk\u00f3w w nowej perspektywie finansowej 2014-2020. Posiedzeniu Podkomisji przewodniczy\u0142 Pose\u0142 Tadeusz Arkit, natomiast Ministerstwo \u015arodowiska reprezentowali Wiceminister Janusz Ostapiuk i Dyrektor Departamentu Gospodarki Odpadami, Ma\u0142gorzata Szymborska. W\u015br\u00f3d zaproszonych go\u015bci&#8230;<\/p>\n","protected":false},"author":1,"featured_media":0,"comment_status":"closed","ping_status":"open","sticky":false,"template":"","format":"standard","meta":{"_crdt_document":"","footnotes":""},"categories":[4],"tags":[],"class_list":["post-83","post","type-post","status-publish","format-standard","hentry","category-aktualnosci"],"_links":{"self":[{"href":"https:\/\/elektro-odzysk.pl\/index.php\/wp-json\/wp\/v2\/posts\/83","targetHints":{"allow":["GET"]}}],"collection":[{"href":"https:\/\/elektro-odzysk.pl\/index.php\/wp-json\/wp\/v2\/posts"}],"about":[{"href":"https:\/\/elektro-odzysk.pl\/index.php\/wp-json\/wp\/v2\/types\/post"}],"author":[{"embeddable":true,"href":"https:\/\/elektro-odzysk.pl\/index.php\/wp-json\/wp\/v2\/users\/1"}],"replies":[{"embeddable":true,"href":"https:\/\/elektro-odzysk.pl\/index.php\/wp-json\/wp\/v2\/comments?post=83"}],"version-history":[{"count":1,"href":"https:\/\/elektro-odzysk.pl\/index.php\/wp-json\/wp\/v2\/posts\/83\/revisions"}],"predecessor-version":[{"id":84,"href":"https:\/\/elektro-odzysk.pl\/index.php\/wp-json\/wp\/v2\/posts\/83\/revisions\/84"}],"wp:attachment":[{"href":"https:\/\/elektro-odzysk.pl\/index.php\/wp-json\/wp\/v2\/media?parent=83"}],"wp:term":[{"taxonomy":"category","embeddable":true,"href":"https:\/\/elektro-odzysk.pl\/index.php\/wp-json\/wp\/v2\/categories?post=83"},{"taxonomy":"post_tag","embeddable":true,"href":"https:\/\/elektro-odzysk.pl\/index.php\/wp-json\/wp\/v2\/tags?post=83"}],"curies":[{"name":"wp","href":"https:\/\/api.w.org\/{rel}","templated":true}]}}